{"id":8150,"date":"2024-12-24T08:25:46","date_gmt":"2024-12-24T07:25:46","guid":{"rendered":"https:\/\/www.linder.fr\/?p=8150"},"modified":"2024-12-24T08:41:39","modified_gmt":"2024-12-24T07:41:39","slug":"retour-sur-le-reportage-de-france-3-rhone-alpes","status":"publish","type":"post","link":"https:\/\/www.linder.fr\/en\/actualites\/retour-sur-le-reportage-de-france-3-rhone-alpes\/","title":{"rendered":"A look back at the France 3 Rh\u00f4ne-Alpes report"},"content":{"rendered":"<div data-elementor-type=\"wp-post\" data-elementor-id=\"8150\" class=\"elementor elementor-8150\" data-elementor-post-type=\"post\">\n\t\t\t\t<div class=\"elementor-element elementor-element-48fd4ac e-flex e-con-boxed e-con e-parent\" data-id=\"48fd4ac\" data-element_type=\"container\">\n\t\t\t\t\t<div class=\"e-con-inner\">\n\t\t\t\t<div class=\"elementor-element elementor-element-a0da63f elementor-widget elementor-widget-text-editor\" data-id=\"a0da63f\" data-element_type=\"widget\" data-widget_type=\"text-editor.default\">\n\t\t\t\t<div class=\"elementor-widget-container\">\n\t\t\t\t\t\t\t\t\t<p style=\"text-align: center;\"><span style=\"text-align: var(--text-align); color: var( --e-global-color-text ); font-size: 1rem;\">We are delighted to share this report broadcast by France 3 Rh\u00f4ne-Alpes, which highlights our history, our expertise and our passion for textiles spanning 120 years.<\/span><\/p>\t\t\t\t\t\t\t\t<\/div>\n\t\t\t\t<\/div>\n\t\t\t\t\t<\/div>\n\t\t\t\t<\/div>\n\t\t<div class=\"elementor-element elementor-element-cc2604b e-flex e-con-boxed e-con e-parent\" data-id=\"cc2604b\" data-element_type=\"container\">\n\t\t\t\t\t<div class=\"e-con-inner\">\n\t\t\t\t<div class=\"elementor-element elementor-element-e79e85f elementor-widget elementor-widget-video\" data-id=\"e79e85f\" data-element_type=\"widget\" data-settings=\"{&quot;youtube_url&quot;:&quot;https:\\\/\\\/www.youtube.com\\\/watch?v=_qnVOoRm8Kk&quot;,&quot;video_type&quot;:&quot;youtube&quot;,&quot;controls&quot;:&quot;yes&quot;}\" data-widget_type=\"video.default\">\n\t\t\t\t<div class=\"elementor-widget-container\">\n\t\t\t\t\t\t\t<div class=\"elementor-wrapper elementor-open-inline\">\n\t\t\t<div class=\"elementor-video\"><\/div>\t\t<\/div>\n\t\t\t\t\t\t<\/div>\n\t\t\t\t<\/div>\n\t\t\t\t\t<\/div>\n\t\t\t\t<\/div>\n\t\t\t\t<\/div>","protected":false},"excerpt":{"rendered":"<p>C\u2019est avec beaucoup d\u2019enthousiasme que nous partageons le reportage diffus\u00e9 par France 3 Rh\u00f4ne-Alpes, qui met en lumi\u00e8re notre histoire, notre savoir-faire et notre passion pour le textile depuis 120 ans. https:\/\/www.youtube.com\/watch?v=_qnVOoRm8Kk<\/p>","protected":false},"author":1,"featured_media":8166,"comment_status":"closed","ping_status":"closed","sticky":false,"template":"","format":"standard","meta":{"_acf_changed":false,"footnotes":""},"categories":[1],"tags":[],"class_list":["post-8150","post","type-post","status-publish","format-standard","has-post-thumbnail","hentry","category-actualites"],"acf":[],"yoast_head":"<!-- This site is optimized with the Yoast SEO plugin v27.2 - https:\/\/yoast.com\/product\/yoast-seo-wordpress\/ -->\n<title>Retour sur le reportage de France 3 Rh\u00f4ne-Alpes &#060; Linder Tisseur Cr\u00e9ateur Fabricant de tissus, voilages, rideaux, literie, nappage, coussins<\/title>\n<meta name=\"description\" content=\"C\u2019est avec beaucoup d\u2019enthousiasme que nous partageons le reportage diffus\u00e9 par France 3 Rh\u00f4ne-Alpes, qui met en lumi\u00e8re notre histoire, notre savoir-faire et notre passion pour le textile depuis 120 ans.\" \/>\n<meta name=\"robots\" content=\"index, follow, max-snippet:-1, max-image-preview:large, max-video-preview:-1\" \/>\n<link rel=\"canonical\" href=\"https:\/\/www.linder.fr\/en\/latest-news\/retour-sur-le-reportage-de-france-3-rhone-alpes\/\" \/>\n<meta property=\"og:locale\" content=\"en_GB\" \/>\n<meta property=\"og:type\" content=\"article\" \/>\n<meta property=\"og:title\" content=\"Retour sur le reportage de France 3 Rh\u00f4ne-Alpes &#060; Linder Tisseur Cr\u00e9ateur Fabricant de tissus, voilages, rideaux, literie, nappage, coussins\" \/>\n<meta property=\"og:description\" content=\"C\u2019est avec beaucoup d\u2019enthousiasme que nous partageons le reportage diffus\u00e9 par France 3 Rh\u00f4ne-Alpes, qui met en lumi\u00e8re notre histoire, notre savoir-faire et notre passion pour le textile depuis 120 ans.\" \/>\n<meta property=\"og:url\" content=\"https:\/\/www.linder.fr\/en\/latest-news\/retour-sur-le-reportage-de-france-3-rhone-alpes\/\" \/>\n<meta property=\"og:site_name\" content=\"Linder Tisseur Cr\u00e9ateur Fabricant de tissus, voilages, rideaux, literie, nappage, coussins\" \/>\n<meta property=\"article:published_time\" content=\"2024-12-24T07:25:46+00:00\" \/>\n<meta property=\"article:modified_time\" content=\"2024-12-24T07:41:39+00:00\" \/>\n<meta property=\"og:image\" content=\"https:\/\/www.linder.fr\/wp-content\/uploads\/Sans-titre-2-1.jpg\" \/>\n\t<meta property=\"og:image:width\" content=\"1200\" \/>\n\t<meta property=\"og:image:height\" content=\"1200\" \/>\n\t<meta property=\"og:image:type\" content=\"image\/jpeg\" \/>\n<meta name=\"author\" content=\"Gail26\" \/>\n<meta name=\"twitter:card\" content=\"summary_large_image\" \/>\n<meta name=\"twitter:label1\" content=\"Written by\" \/>\n\t<meta name=\"twitter:data1\" content=\"Gail26\" \/>\n<script type=\"application\/ld+json\" class=\"yoast-schema-graph\">{\"@context\":\"https:\/\/schema.org\",\"@graph\":[{\"@type\":\"Article\",\"@id\":\"https:\/\/www.linder.fr\/actualites\/retour-sur-le-reportage-de-france-3-rhone-alpes\/#article\",\"isPartOf\":{\"@id\":\"https:\/\/www.linder.fr\/actualites\/retour-sur-le-reportage-de-france-3-rhone-alpes\/\"},\"author\":{\"name\":\"Gail26\",\"@id\":\"https:\/\/www.linder.fr\/#\/schema\/person\/70d1e46b8c60bc9ff9ec80b456da40df\"},\"headline\":\"Retour sur le reportage de France 3 Rh\u00f4ne-Alpes\",\"datePublished\":\"2024-12-24T07:25:46+00:00\",\"dateModified\":\"2024-12-24T07:41:39+00:00\",\"mainEntityOfPage\":{\"@id\":\"https:\/\/www.linder.fr\/actualites\/retour-sur-le-reportage-de-france-3-rhone-alpes\/\"},\"wordCount\":49,\"publisher\":{\"@id\":\"https:\/\/www.linder.fr\/#organization\"},\"image\":{\"@id\":\"https:\/\/www.linder.fr\/actualites\/retour-sur-le-reportage-de-france-3-rhone-alpes\/#primaryimage\"},\"thumbnailUrl\":\"https:\/\/www.linder.fr\/wp-content\/uploads\/Sans-titre-2-1.jpg\",\"articleSection\":[\"Actualit\u00e9s\"],\"inLanguage\":\"en-GB\"},{\"@type\":\"WebPage\",\"@id\":\"https:\/\/www.linder.fr\/actualites\/retour-sur-le-reportage-de-france-3-rhone-alpes\/\",\"url\":\"https:\/\/www.linder.fr\/actualites\/retour-sur-le-reportage-de-france-3-rhone-alpes\/\",\"name\":\"Retour sur le reportage de France 3 Rh\u00f4ne-Alpes &#060; Linder Tisseur Cr\u00e9ateur Fabricant de tissus, voilages, rideaux, literie, nappage, coussins\",\"isPartOf\":{\"@id\":\"https:\/\/www.linder.fr\/#website\"},\"primaryImageOfPage\":{\"@id\":\"https:\/\/www.linder.fr\/actualites\/retour-sur-le-reportage-de-france-3-rhone-alpes\/#primaryimage\"},\"image\":{\"@id\":\"https:\/\/www.linder.fr\/actualites\/retour-sur-le-reportage-de-france-3-rhone-alpes\/#primaryimage\"},\"thumbnailUrl\":\"https:\/\/www.linder.fr\/wp-content\/uploads\/Sans-titre-2-1.jpg\",\"datePublished\":\"2024-12-24T07:25:46+00:00\",\"dateModified\":\"2024-12-24T07:41:39+00:00\",\"description\":\"C\u2019est avec beaucoup d\u2019enthousiasme que nous partageons le reportage diffus\u00e9 par France 3 Rh\u00f4ne-Alpes, qui met en lumi\u00e8re notre histoire, notre savoir-faire et notre passion pour le textile depuis 120 ans.\",\"breadcrumb\":{\"@id\":\"https:\/\/www.linder.fr\/actualites\/retour-sur-le-reportage-de-france-3-rhone-alpes\/#breadcrumb\"},\"inLanguage\":\"en-GB\",\"potentialAction\":[{\"@type\":\"ReadAction\",\"target\":[\"https:\/\/www.linder.fr\/actualites\/retour-sur-le-reportage-de-france-3-rhone-alpes\/\"]}]},{\"@type\":\"ImageObject\",\"inLanguage\":\"en-GB\",\"@id\":\"https:\/\/www.linder.fr\/actualites\/retour-sur-le-reportage-de-france-3-rhone-alpes\/#primaryimage\",\"url\":\"https:\/\/www.linder.fr\/wp-content\/uploads\/Sans-titre-2-1.jpg\",\"contentUrl\":\"https:\/\/www.linder.fr\/wp-content\/uploads\/Sans-titre-2-1.jpg\",\"width\":1200,\"height\":1200},{\"@type\":\"BreadcrumbList\",\"@id\":\"https:\/\/www.linder.fr\/actualites\/retour-sur-le-reportage-de-france-3-rhone-alpes\/#breadcrumb\",\"itemListElement\":[{\"@type\":\"ListItem\",\"position\":1,\"name\":\"Linder\",\"item\":\"https:\/\/www.linder.fr\/\"},{\"@type\":\"ListItem\",\"position\":2,\"name\":\"Actualit\u00e9s\",\"item\":\"https:\/\/www.linder.fr\/en\/blog\/news\/\"},{\"@type\":\"ListItem\",\"position\":3,\"name\":\"Retour sur le reportage de France 3 Rh\u00f4ne-Alpes\"}]},{\"@type\":\"WebSite\",\"@id\":\"https:\/\/www.linder.fr\/#website\",\"url\":\"https:\/\/www.linder.fr\/\",\"name\":\"Linder Tisseur Cr\u00e9ateur Fabricant de tissus, voilages, rideaux, literie, nappage, coussins\",\"description\":\"Linder est un Tisseur Cr\u00e9ateur Fran\u00e7ais Fabricant de tissus, voilages, rideaux, nappages, literie et housses de coussins install\u00e9 dans la Loire depuis 1904. Linder le textile &quot;Made in France&quot;\",\"publisher\":{\"@id\":\"https:\/\/www.linder.fr\/#organization\"},\"potentialAction\":[{\"@type\":\"SearchAction\",\"target\":{\"@type\":\"EntryPoint\",\"urlTemplate\":\"https:\/\/www.linder.fr\/?s={search_term_string}\"},\"query-input\":{\"@type\":\"PropertyValueSpecification\",\"valueRequired\":true,\"valueName\":\"search_term_string\"}}],\"inLanguage\":\"en-GB\"},{\"@type\":\"Organization\",\"@id\":\"https:\/\/www.linder.fr\/#organization\",\"name\":\"Linder\",\"url\":\"https:\/\/www.linder.fr\/\",\"logo\":{\"@type\":\"ImageObject\",\"inLanguage\":\"en-GB\",\"@id\":\"https:\/\/www.linder.fr\/#\/schema\/logo\/image\/\",\"url\":\"https:\/\/www.linder.fr\/wp-content\/uploads\/logo-linder.png\",\"contentUrl\":\"https:\/\/www.linder.fr\/wp-content\/uploads\/logo-linder.png\",\"width\":800,\"height\":347,\"caption\":\"Linder\"},\"image\":{\"@id\":\"https:\/\/www.linder.fr\/#\/schema\/logo\/image\/\"}},{\"@type\":\"Person\",\"@id\":\"https:\/\/www.linder.fr\/#\/schema\/person\/70d1e46b8c60bc9ff9ec80b456da40df\",\"name\":\"Gail26\",\"sameAs\":[\"http:\/\/www.linder.fr\"]}]}<\/script>\n<!-- \/ Yoast SEO plugin. -->","yoast_head_json":{"title":"Retour sur le reportage de France 3 Rh\u00f4ne-Alpes &#060; Linder Tisseur Cr\u00e9ateur Fabricant de tissus, voilages, rideaux, literie, nappage, coussins","description":"We are delighted to share this report broadcast by France 3 Rh\u00f4ne-Alpes, which highlights our history, our expertise and our passion for textiles spanning 120 years.","robots":{"index":"index","follow":"follow","max-snippet":"max-snippet:-1","max-image-preview":"max-image-preview:large","max-video-preview":"max-video-preview:-1"},"canonical":"https:\/\/www.linder.fr\/en\/latest-news\/retour-sur-le-reportage-de-france-3-rhone-alpes\/","og_locale":"en_GB","og_type":"article","og_title":"Retour sur le reportage de France 3 Rh\u00f4ne-Alpes &#060; Linder Tisseur Cr\u00e9ateur Fabricant de tissus, voilages, rideaux, literie, nappage, coussins","og_description":"C\u2019est avec beaucoup d\u2019enthousiasme que nous partageons le reportage diffus\u00e9 par France 3 Rh\u00f4ne-Alpes, qui met en lumi\u00e8re notre histoire, notre savoir-faire et notre passion pour le textile depuis 120 ans.","og_url":"https:\/\/www.linder.fr\/en\/latest-news\/retour-sur-le-reportage-de-france-3-rhone-alpes\/","og_site_name":"Linder Tisseur Cr\u00e9ateur Fabricant de tissus, voilages, rideaux, literie, nappage, coussins","article_published_time":"2024-12-24T07:25:46+00:00","article_modified_time":"2024-12-24T07:41:39+00:00","og_image":[{"width":1200,"height":1200,"url":"https:\/\/www.linder.fr\/wp-content\/uploads\/Sans-titre-2-1.jpg","type":"image\/jpeg"}],"author":"Gail26","twitter_card":"summary_large_image","twitter_misc":{"Written by":"Gail26"},"schema":{"@context":"https:\/\/schema.org","@graph":[{"@type":"Article","@id":"https:\/\/www.linder.fr\/actualites\/retour-sur-le-reportage-de-france-3-rhone-alpes\/#article","isPartOf":{"@id":"https:\/\/www.linder.fr\/actualites\/retour-sur-le-reportage-de-france-3-rhone-alpes\/"},"author":{"name":"Gail26","@id":"https:\/\/www.linder.fr\/#\/schema\/person\/70d1e46b8c60bc9ff9ec80b456da40df"},"headline":"Retour sur le reportage de France 3 Rh\u00f4ne-Alpes","datePublished":"2024-12-24T07:25:46+00:00","dateModified":"2024-12-24T07:41:39+00:00","mainEntityOfPage":{"@id":"https:\/\/www.linder.fr\/actualites\/retour-sur-le-reportage-de-france-3-rhone-alpes\/"},"wordCount":49,"publisher":{"@id":"https:\/\/www.linder.fr\/#organization"},"image":{"@id":"https:\/\/www.linder.fr\/actualites\/retour-sur-le-reportage-de-france-3-rhone-alpes\/#primaryimage"},"thumbnailUrl":"https:\/\/www.linder.fr\/wp-content\/uploads\/Sans-titre-2-1.jpg","articleSection":["Actualit\u00e9s"],"inLanguage":"en-GB"},{"@type":"WebPage","@id":"https:\/\/www.linder.fr\/actualites\/retour-sur-le-reportage-de-france-3-rhone-alpes\/","url":"https:\/\/www.linder.fr\/actualites\/retour-sur-le-reportage-de-france-3-rhone-alpes\/","name":"Retour sur le reportage de France 3 Rh\u00f4ne-Alpes &#060; Linder Tisseur Cr\u00e9ateur Fabricant de tissus, voilages, rideaux, literie, nappage, coussins","isPartOf":{"@id":"https:\/\/www.linder.fr\/#website"},"primaryImageOfPage":{"@id":"https:\/\/www.linder.fr\/actualites\/retour-sur-le-reportage-de-france-3-rhone-alpes\/#primaryimage"},"image":{"@id":"https:\/\/www.linder.fr\/actualites\/retour-sur-le-reportage-de-france-3-rhone-alpes\/#primaryimage"},"thumbnailUrl":"https:\/\/www.linder.fr\/wp-content\/uploads\/Sans-titre-2-1.jpg","datePublished":"2024-12-24T07:25:46+00:00","dateModified":"2024-12-24T07:41:39+00:00","description":"We are delighted to share this report broadcast by France 3 Rh\u00f4ne-Alpes, which highlights our history, our expertise and our passion for textiles spanning 120 years.","breadcrumb":{"@id":"https:\/\/www.linder.fr\/actualites\/retour-sur-le-reportage-de-france-3-rhone-alpes\/#breadcrumb"},"inLanguage":"en-GB","potentialAction":[{"@type":"ReadAction","target":["https:\/\/www.linder.fr\/actualites\/retour-sur-le-reportage-de-france-3-rhone-alpes\/"]}]},{"@type":"ImageObject","inLanguage":"en-GB","@id":"https:\/\/www.linder.fr\/actualites\/retour-sur-le-reportage-de-france-3-rhone-alpes\/#primaryimage","url":"https:\/\/www.linder.fr\/wp-content\/uploads\/Sans-titre-2-1.jpg","contentUrl":"https:\/\/www.linder.fr\/wp-content\/uploads\/Sans-titre-2-1.jpg","width":1200,"height":1200},{"@type":"BreadcrumbList","@id":"https:\/\/www.linder.fr\/actualites\/retour-sur-le-reportage-de-france-3-rhone-alpes\/#breadcrumb","itemListElement":[{"@type":"ListItem","position":1,"name":"Linder","item":"https:\/\/www.linder.fr\/"},{"@type":"ListItem","position":2,"name":"Actualit\u00e9s","item":"https:\/\/www.linder.fr\/en\/blog\/news\/"},{"@type":"ListItem","position":3,"name":"Retour sur le reportage de France 3 Rh\u00f4ne-Alpes"}]},{"@type":"WebSite","@id":"https:\/\/www.linder.fr\/#website","url":"https:\/\/www.linder.fr\/","name":"Linder Tisseur Cr\u00e9ateur Fabricant de tissus, voilages, rideaux, literie, nappage, coussins","description":"Linder est un Tisseur Cr\u00e9ateur Fran\u00e7ais Fabricant de tissus, voilages, rideaux, nappages, literie et housses de coussins install\u00e9 dans la Loire depuis 1904. Linder le textile &quot;Made in France&quot;","publisher":{"@id":"https:\/\/www.linder.fr\/#organization"},"potentialAction":[{"@type":"SearchAction","target":{"@type":"EntryPoint","urlTemplate":"https:\/\/www.linder.fr\/?s={search_term_string}"},"query-input":{"@type":"PropertyValueSpecification","valueRequired":true,"valueName":"search_term_string"}}],"inLanguage":"en-GB"},{"@type":"Organization","@id":"https:\/\/www.linder.fr\/#organization","name":"Linder","url":"https:\/\/www.linder.fr\/","logo":{"@type":"ImageObject","inLanguage":"en-GB","@id":"https:\/\/www.linder.fr\/#\/schema\/logo\/image\/","url":"https:\/\/www.linder.fr\/wp-content\/uploads\/logo-linder.png","contentUrl":"https:\/\/www.linder.fr\/wp-content\/uploads\/logo-linder.png","width":800,"height":347,"caption":"Linder"},"image":{"@id":"https:\/\/www.linder.fr\/#\/schema\/logo\/image\/"}},{"@type":"Person","@id":"https:\/\/www.linder.fr\/#\/schema\/person\/70d1e46b8c60bc9ff9ec80b456da40df","name":"Gail26","sameAs":["http:\/\/www.linder.fr"]}]}},"_links":{"self":[{"href":"https:\/\/www.linder.fr\/en\/wp-json\/wp\/v2\/posts\/8150","targetHints":{"allow":["GET"]}}],"collection":[{"href":"https:\/\/www.linder.fr\/en\/wp-json\/wp\/v2\/posts"}],"about":[{"href":"https:\/\/www.linder.fr\/en\/wp-json\/wp\/v2\/types\/post"}],"author":[{"embeddable":true,"href":"https:\/\/www.linder.fr\/en\/wp-json\/wp\/v2\/users\/1"}],"replies":[{"embeddable":true,"href":"https:\/\/www.linder.fr\/en\/wp-json\/wp\/v2\/comments?post=8150"}],"version-history":[{"count":12,"href":"https:\/\/www.linder.fr\/en\/wp-json\/wp\/v2\/posts\/8150\/revisions"}],"predecessor-version":[{"id":8163,"href":"https:\/\/www.linder.fr\/en\/wp-json\/wp\/v2\/posts\/8150\/revisions\/8163"}],"wp:featuredmedia":[{"embeddable":true,"href":"https:\/\/www.linder.fr\/en\/wp-json\/wp\/v2\/media\/8166"}],"wp:attachment":[{"href":"https:\/\/www.linder.fr\/en\/wp-json\/wp\/v2\/media?parent=8150"}],"wp:term":[{"taxonomy":"category","embeddable":true,"href":"https:\/\/www.linder.fr\/en\/wp-json\/wp\/v2\/categories?post=8150"},{"taxonomy":"post_tag","embeddable":true,"href":"https:\/\/www.linder.fr\/en\/wp-json\/wp\/v2\/tags?post=8150"}],"curies":[{"name":"wp","href":"https:\/\/api.w.org\/{rel}","templated":true}]}}